{"id":2735,"date":"2021-01-12T10:59:05","date_gmt":"2021-01-12T13:59:05","guid":{"rendered":"https:\/\/midiamix.com\/site\/?p=2735"},"modified":"2021-01-22T11:03:22","modified_gmt":"2021-01-22T14:03:22","slug":"sustentabilidade","status":"publish","type":"post","link":"https:\/\/midiamix.com\/site\/sustentabilidade\/","title":{"rendered":"SUSTENTABILIDADE"},"content":{"rendered":"\n<h2>Blumenau, Joinville e Florian\u00f3polis lideram gera\u00e7\u00e3o de energia solar em SC<\/h2>\n\n\n\n<p>Santa Catarina fechou o ano passado com 6.300 novas usinas fotovoltaicas (UFV), somando no acumulado 17.797, o que representa 214.89 MW de pot\u00eancia instalada.<\/p>\n\n\n\n<p>Os dados s\u00e3o do painel da Ag\u00eancia Nacional de Energia El\u00e9trica (Aneel) e o resultado garante o s\u00e9timo lugar no ranking estadual dos maiores produtores de energia por radia\u00e7\u00e3o solar.<\/p>\n\n\n\n<p>Entre os munic\u00edpios, os tr\u00eas com maior capacidade instalada s\u00e3o Blumenau, Joinville e Florian\u00f3polis.<\/p>\n\n\n\n<p>Conforme o engenheiro Julio Cesar Ferreira da Silva, gerente da Quantum Solar, desde 2012 os investimentos no setor no Brasil j\u00e1 somam mais de R$ 36,5 bilh\u00f5es, superando a marca de 219 mil empregos criados, segundo dados da Associa\u00e7\u00e3o Brasileira de Energia Solar Fotovoltaica (Absolar).<\/p>\n\n\n\n<p>\u201cIsso significa mais de R$ 10,8 bilh\u00f5es em arrecada\u00e7\u00e3o de tributos e mais de 1,1 milh\u00e3o de toneladas de CO2 que deixaram de ser lan\u00e7adas no meio ambiente\u201d, destaca.<\/p>\n\n\n\n<p>De acordo com levantamento da Absolar, a energia solar fotovoltaica centralizada representa 1,6% da matriz energ\u00e9tica brasileira, somando 2.989 MW de pot\u00eancia instalada.<\/p>\n\n\n\n<p>A busca crescente pela energia solar baseia-se, principalmente, em dois pilares: econ\u00f4mico e ambiental.<\/p>\n\n\n\n<p>\u201cO tempo que o valor do investimento leva para retornar na forma de economia na conta de luz, o chamado payback, \u00e9 de cerca de cinco anos\u201d, explica o gerente.<\/p>\n\n\n\n<p>Outro bom argumento \u00e9 que esses projetos podem ser adotados por pequenos, m\u00e9dios ou grandes neg\u00f3cios, com instala\u00e7\u00e3o podendo ser feita em telhado, solo ou, at\u00e9 mesmo, sobre a \u00e1gua. A demanda de manuten\u00e7\u00e3o \u00e9 baixa, sendo que as placas fotovoltaicas duram at\u00e9 25 anos, n\u00e3o fazem barulho nem geram polui\u00e7\u00e3o.<\/p>\n\n\n\n<p>Aluguel de usinas \u00e9 a tend\u00eancia<br>\nGilberto Vieira Filho, presidente do grupo Quantum Engenharia, conta que a tend\u00eancia para os pr\u00f3ximos anos \u00e9 a modalidade de loca\u00e7\u00e3o, que pode ser adotada tanto em projetos do setor p\u00fablico, quanto privado:<\/p>\n\n\n\n<p>\u201cA principal vantagem da loca\u00e7\u00e3o de uma usina solar \u00e9 o fato de o cliente n\u00e3o necessitar fazer um alto investimento na constru\u00e7\u00e3o e na manuten\u00e7\u00e3o do projeto, pagando apenas um valor mensal para receber a energia limpa em seu empreendimento\u201d.<\/p>\n\n\n\n<p>Fonte: <a href=\"https:\/\/www.economiasc.com\/2021\/01\/12\/blumenau-joinville-e-florianopolis-lideram-geracao-de-energia-solar-em-sc\/\">EconomiaSC<\/a><\/p>\n","protected":false},"excerpt":{"rendered":"<p>Blumenau, Joinville e Florian\u00f3polis lideram gera\u00e7\u00e3o de energia solar em SC Santa Catarina fechou o ano passado com 6.300 novas usinas fotovoltaicas (UFV), somando no acumulado 17.797, o que representa 214.89 MW de pot\u00eancia instalada. Os dados s\u00e3o do painel da Ag\u00eancia Nacional de Energia El\u00e9trica (Aneel) e o resultado garante o s\u00e9timo lugar no [&hellip;]<\/p>\n","protected":false},"author":4,"featured_media":0,"comment_status":"open","ping_status":"open","sticky":false,"template":"","format":"standard","meta":[],"categories":[],"tags":[],"yoast_head":"<!-- This site is optimized with the Yoast SEO plugin v19.3 - https:\/\/yoast.com\/wordpress\/plugins\/seo\/ -->\n<title>SUSTENTABILIDADE - MIDIAMIX.COM<\/title>\n<meta name=\"robots\" content=\"index, follow, max-snippet:-1, max-image-preview:large, max-video-preview:-1\" \/>\n<link rel=\"canonical\" href=\"https:\/\/midiamix.com\/site\/sustentabilidade\/\" \/>\n<meta property=\"og:locale\" content=\"pt_BR\" \/>\n<meta property=\"og:type\" content=\"article\" \/>\n<meta property=\"og:title\" content=\"SUSTENTABILIDADE - MIDIAMIX.COM\" \/>\n<meta property=\"og:description\" content=\"Blumenau, Joinville e Florian\u00f3polis lideram gera\u00e7\u00e3o de energia solar em SC Santa Catarina fechou o ano passado com 6.300 novas usinas fotovoltaicas (UFV), somando no acumulado 17.797, o que representa 214.89 MW de pot\u00eancia instalada. Os dados s\u00e3o do painel da Ag\u00eancia Nacional de Energia El\u00e9trica (Aneel) e o resultado garante o s\u00e9timo lugar no [&hellip;]\" \/>\n<meta property=\"og:url\" content=\"https:\/\/midiamix.com\/site\/sustentabilidade\/\" \/>\n<meta property=\"og:site_name\" content=\"MIDIAMIX.COM\" \/>\n<meta property=\"article:publisher\" content=\"https:\/\/www.facebook.com\/MIDIAMIXPAINEIS\/\" \/>\n<meta property=\"article:published_time\" content=\"2021-01-12T13:59:05+00:00\" \/>\n<meta property=\"article:modified_time\" content=\"2021-01-22T14:03:22+00:00\" \/>\n<meta name=\"author\" content=\"Francianne Dias\" \/>\n<meta name=\"twitter:card\" content=\"summary_large_image\" \/>\n<meta name=\"twitter:label1\" content=\"Escrito por\" \/>\n\t<meta name=\"twitter:data1\" content=\"Francianne Dias\" \/>\n\t<meta name=\"twitter:label2\" content=\"Est. tempo de leitura\" \/>\n\t<meta name=\"twitter:data2\" content=\"2 minutos\" \/>\n<script type=\"application\/ld+json\" class=\"yoast-schema-graph\">{\"@context\":\"https:\/\/schema.org\",\"@graph\":[{\"@type\":\"WebSite\",\"@id\":\"https:\/\/midiamix.com\/site\/#website\",\"url\":\"https:\/\/midiamix.com\/site\/\",\"name\":\"MIDIAMIX.COM\",\"description\":\"MIDIAMIX.COM \u00e9 uma empresa especializada em m\u00eddia exterior.\",\"potentialAction\":[{\"@type\":\"SearchAction\",\"target\":{\"@type\":\"EntryPoint\",\"urlTemplate\":\"https:\/\/midiamix.com\/site\/?s={search_term_string}\"},\"query-input\":\"required name=search_term_string\"}],\"inLanguage\":\"pt-BR\"},{\"@type\":\"WebPage\",\"@id\":\"https:\/\/midiamix.com\/site\/sustentabilidade\/\",\"url\":\"https:\/\/midiamix.com\/site\/sustentabilidade\/\",\"name\":\"SUSTENTABILIDADE - MIDIAMIX.COM\",\"isPartOf\":{\"@id\":\"https:\/\/midiamix.com\/site\/#website\"},\"datePublished\":\"2021-01-12T13:59:05+00:00\",\"dateModified\":\"2021-01-22T14:03:22+00:00\",\"author\":{\"@id\":\"https:\/\/midiamix.com\/site\/#\/schema\/person\/a5a285aa493a1e874e8ba7fab721b687\"},\"breadcrumb\":{\"@id\":\"https:\/\/midiamix.com\/site\/sustentabilidade\/#breadcrumb\"},\"inLanguage\":\"pt-BR\",\"potentialAction\":[{\"@type\":\"ReadAction\",\"target\":[\"https:\/\/midiamix.com\/site\/sustentabilidade\/\"]}]},{\"@type\":\"BreadcrumbList\",\"@id\":\"https:\/\/midiamix.com\/site\/sustentabilidade\/#breadcrumb\",\"itemListElement\":[{\"@type\":\"ListItem\",\"position\":1,\"name\":\"In\u00edcio\",\"item\":\"https:\/\/midiamix.com\/site\/\"},{\"@type\":\"ListItem\",\"position\":2,\"name\":\"SUSTENTABILIDADE\"}]},{\"@type\":\"Person\",\"@id\":\"https:\/\/midiamix.com\/site\/#\/schema\/person\/a5a285aa493a1e874e8ba7fab721b687\",\"name\":\"Francianne Dias\",\"image\":{\"@type\":\"ImageObject\",\"inLanguage\":\"pt-BR\",\"@id\":\"https:\/\/midiamix.com\/site\/#\/schema\/person\/image\/\",\"url\":\"https:\/\/secure.gravatar.com\/avatar\/6e248fd9540438c84abe7802e4b80b17?s=96&d=mm&r=g\",\"contentUrl\":\"https:\/\/secure.gravatar.com\/avatar\/6e248fd9540438c84abe7802e4b80b17?s=96&d=mm&r=g\",\"caption\":\"Francianne Dias\"},\"sameAs\":[\"http:\/\/www.midiamix.com\"],\"url\":\"https:\/\/midiamix.com\/site\/author\/francianne\/\"}]}<\/script>\n<!-- \/ Yoast SEO plugin. -->","yoast_head_json":{"title":"SUSTENTABILIDADE - MIDIAMIX.COM","robots":{"index":"index","follow":"follow","max-snippet":"max-snippet:-1","max-image-preview":"max-image-preview:large","max-video-preview":"max-video-preview:-1"},"canonical":"https:\/\/midiamix.com\/site\/sustentabilidade\/","og_locale":"pt_BR","og_type":"article","og_title":"SUSTENTABILIDADE - MIDIAMIX.COM","og_description":"Blumenau, Joinville e Florian\u00f3polis lideram gera\u00e7\u00e3o de energia solar em SC Santa Catarina fechou o ano passado com 6.300 novas usinas fotovoltaicas (UFV), somando no acumulado 17.797, o que representa 214.89 MW de pot\u00eancia instalada. Os dados s\u00e3o do painel da Ag\u00eancia Nacional de Energia El\u00e9trica (Aneel) e o resultado garante o s\u00e9timo lugar no [&hellip;]","og_url":"https:\/\/midiamix.com\/site\/sustentabilidade\/","og_site_name":"MIDIAMIX.COM","article_publisher":"https:\/\/www.facebook.com\/MIDIAMIXPAINEIS\/","article_published_time":"2021-01-12T13:59:05+00:00","article_modified_time":"2021-01-22T14:03:22+00:00","author":"Francianne Dias","twitter_card":"summary_large_image","twitter_misc":{"Escrito por":"Francianne Dias","Est. tempo de leitura":"2 minutos"},"schema":{"@context":"https:\/\/schema.org","@graph":[{"@type":"WebSite","@id":"https:\/\/midiamix.com\/site\/#website","url":"https:\/\/midiamix.com\/site\/","name":"MIDIAMIX.COM","description":"MIDIAMIX.COM \u00e9 uma empresa especializada em m\u00eddia exterior.","potentialAction":[{"@type":"SearchAction","target":{"@type":"EntryPoint","urlTemplate":"https:\/\/midiamix.com\/site\/?s={search_term_string}"},"query-input":"required name=search_term_string"}],"inLanguage":"pt-BR"},{"@type":"WebPage","@id":"https:\/\/midiamix.com\/site\/sustentabilidade\/","url":"https:\/\/midiamix.com\/site\/sustentabilidade\/","name":"SUSTENTABILIDADE - MIDIAMIX.COM","isPartOf":{"@id":"https:\/\/midiamix.com\/site\/#website"},"datePublished":"2021-01-12T13:59:05+00:00","dateModified":"2021-01-22T14:03:22+00:00","author":{"@id":"https:\/\/midiamix.com\/site\/#\/schema\/person\/a5a285aa493a1e874e8ba7fab721b687"},"breadcrumb":{"@id":"https:\/\/midiamix.com\/site\/sustentabilidade\/#breadcrumb"},"inLanguage":"pt-BR","potentialAction":[{"@type":"ReadAction","target":["https:\/\/midiamix.com\/site\/sustentabilidade\/"]}]},{"@type":"BreadcrumbList","@id":"https:\/\/midiamix.com\/site\/sustentabilidade\/#breadcrumb","itemListElement":[{"@type":"ListItem","position":1,"name":"In\u00edcio","item":"https:\/\/midiamix.com\/site\/"},{"@type":"ListItem","position":2,"name":"SUSTENTABILIDADE"}]},{"@type":"Person","@id":"https:\/\/midiamix.com\/site\/#\/schema\/person\/a5a285aa493a1e874e8ba7fab721b687","name":"Francianne Dias","image":{"@type":"ImageObject","inLanguage":"pt-BR","@id":"https:\/\/midiamix.com\/site\/#\/schema\/person\/image\/","url":"https:\/\/secure.gravatar.com\/avatar\/6e248fd9540438c84abe7802e4b80b17?s=96&d=mm&r=g","contentUrl":"https:\/\/secure.gravatar.com\/avatar\/6e248fd9540438c84abe7802e4b80b17?s=96&d=mm&r=g","caption":"Francianne Dias"},"sameAs":["http:\/\/www.midiamix.com"],"url":"https:\/\/midiamix.com\/site\/author\/francianne\/"}]}},"_links":{"self":[{"href":"https:\/\/midiamix.com\/site\/wp-json\/wp\/v2\/posts\/2735"}],"collection":[{"href":"https:\/\/midiamix.com\/site\/wp-json\/wp\/v2\/posts"}],"about":[{"href":"https:\/\/midiamix.com\/site\/wp-json\/wp\/v2\/types\/post"}],"author":[{"embeddable":true,"href":"https:\/\/midiamix.com\/site\/wp-json\/wp\/v2\/users\/4"}],"replies":[{"embeddable":true,"href":"https:\/\/midiamix.com\/site\/wp-json\/wp\/v2\/comments?post=2735"}],"version-history":[{"count":1,"href":"https:\/\/midiamix.com\/site\/wp-json\/wp\/v2\/posts\/2735\/revisions"}],"predecessor-version":[{"id":2736,"href":"https:\/\/midiamix.com\/site\/wp-json\/wp\/v2\/posts\/2735\/revisions\/2736"}],"wp:attachment":[{"href":"https:\/\/midiamix.com\/site\/wp-json\/wp\/v2\/media?parent=2735"}],"wp:term":[{"taxonomy":"category","embeddable":true,"href":"https:\/\/midiamix.com\/site\/wp-json\/wp\/v2\/categories?post=2735"},{"taxonomy":"post_tag","embeddable":true,"href":"https:\/\/midiamix.com\/site\/wp-json\/wp\/v2\/tags?post=2735"}],"curies":[{"name":"wp","href":"https:\/\/api.w.org\/{rel}","templated":true}]}}