{"id":2728,"date":"2010-02-21T09:27:02","date_gmt":"2010-02-21T12:27:02","guid":{"rendered":"https:\/\/midiamix.com\/site\/?p=2728"},"modified":"2021-01-22T09:37:12","modified_gmt":"2021-01-22T12:37:12","slug":"o-endereco-mais-caro-do-sul","status":"publish","type":"post","link":"https:\/\/midiamix.com\/site\/o-endereco-mais-caro-do-sul\/","title":{"rendered":"O endere\u00e7o mais caro do Sul"},"content":{"rendered":"\n<h2>O endere\u00e7o mais caro do Sul \u00e9 aqui !<\/h2>\n\n\n\n<h4> <strong>Valoriza\u00e7\u00e3o avan\u00e7a para \u00e1reas pr\u00f3ximas<\/strong><\/h4>\n\n\n\n<p>O crescimento imobili\u00e1rio da Avenida Beira-Mar Norte impulsiona a expans\u00e3o \u2013 em pre\u00e7o e em novos empreendimentos \u2013 para as vias paralelas no centro da cidade. A aposta \u00e9 de que outras ruas da regi\u00e3o passem pela mesma transforma\u00e7\u00e3o que ocorreu na mais famosa avenida da Capital.<\/p>\n\n\n\n<p>Hoje, s\u00e3o 76 pr\u00e9dios constru\u00eddos na Avenida Beira-Mar Norte, no trecho entre a Ponte Herc\u00edlio Luz e a Casa D\u2019Agron\u00f4mica (resid\u00eancia oficial do governador), segundo levantamento do pesquisador Edson Tel\u00ea Campos, no livro A expans\u00e3o imobili\u00e1ria e seus impactos ambientais em Florian\u00f3polis.<\/p>\n\n\n\n<p>Para ele, a aglomera\u00e7\u00e3o de edif\u00edcios trouxe problemas aos moradores da regi\u00e3o mais nobre da cidade.<\/p>\n\n\n\n<p>\u2013 S\u00e3o consequ\u00eancias da falta de planejamento, que afetou toda a cidade. Hoje, em alguns pr\u00e9dios da Beira-Mar, da janela voc\u00ea consegue ver dentro do apartamento vizinho. O barulho \u00e9 outro problema. Se voc\u00ea tossir muito alto, o vizinho escuta \u2013 ironiza Campos.<\/p>\n\n\n\n<p>Ele lembra que os primeiros loteamentos da regi\u00e3o surgiram de ch\u00e1caras particulares. Na d\u00e9cada de 1970, teve in\u00edcio o acentuado crescimento vertical.<\/p>\n\n\n\n<p>\u2013 Depois disso, a regi\u00e3o foi se valorizando ano a ano \u2013 observa.<\/p>\n\n\n\n<p>Para a diretora de planejamento do Instituto de Planejamento Urbano de Florian\u00f3polis (Ipuf), Cristina Piazza, essa valoriza\u00e7\u00e3o deve se expandir para \u00e1reas pr\u00f3ximas, como a Rua Bocai\u00fava e sua continua\u00e7\u00e3o na Almirante Lamego.<\/p>\n\n\n\n<p>\u2013 O valor do metro quadrado vai se prolongar para essa regi\u00e3o. Deve ocorrer uma transforma\u00e7\u00e3o nesta \u00e1rea nos pr\u00f3ximos 10 anos, com a constru\u00e7\u00e3o de pr\u00e9dios mais altos e requintados, assim como ocorreu na Beira-Mar.<\/p>\n\n\n\n<p>(Por Alexandre Lenzi,&nbsp;<a href=\"http:\/\/www.clicrbs.com.br\/diariocatarinense\/jsp\/default2.jsp?uf=2&amp;local=18&amp;source=a2816015.xml&amp;template=3898.dwt&amp;edition=14147&amp;section=846\">DC<\/a>, 21\/02\/2010)<\/p>\n\n\n\n<p>Fonte: <a href=\"https:\/\/noticias.uol.com.br\/ultimas-noticias\/agencia-estado\/2020\/06\/25\/ibge-campinas-vitoria-e-florianopolis-sao-elevadas-a-categoria-de-metropole.htm?utm_source=noticias&amp;utm_medium=mercado&amp;utm_campaign=midiamix.com\">FLORIPAMANHA<\/a><\/p>\n","protected":false},"excerpt":{"rendered":"<p>O endere\u00e7o mais caro do Sul \u00e9 aqui ! Valoriza\u00e7\u00e3o avan\u00e7a para \u00e1reas pr\u00f3ximas O crescimento imobili\u00e1rio da Avenida Beira-Mar Norte impulsiona a expans\u00e3o \u2013 em pre\u00e7o e em novos empreendimentos \u2013 para as vias paralelas no centro da cidade. A aposta \u00e9 de que outras ruas da regi\u00e3o passem pela mesma transforma\u00e7\u00e3o que ocorreu [&hellip;]<\/p>\n","protected":false},"author":4,"featured_media":0,"comment_status":"open","ping_status":"open","sticky":false,"template":"","format":"standard","meta":[],"categories":[],"tags":[],"yoast_head":"<!-- This site is optimized with the Yoast SEO plugin v19.3 - https:\/\/yoast.com\/wordpress\/plugins\/seo\/ -->\n<title>O endere\u00e7o mais caro do Sul - MIDIAMIX.COM<\/title>\n<meta name=\"robots\" content=\"index, follow, max-snippet:-1, max-image-preview:large, max-video-preview:-1\" \/>\n<link rel=\"canonical\" href=\"https:\/\/midiamix.com\/site\/o-endereco-mais-caro-do-sul\/\" \/>\n<meta property=\"og:locale\" content=\"pt_BR\" \/>\n<meta property=\"og:type\" content=\"article\" \/>\n<meta property=\"og:title\" content=\"O endere\u00e7o mais caro do Sul - MIDIAMIX.COM\" \/>\n<meta property=\"og:description\" content=\"O endere\u00e7o mais caro do Sul \u00e9 aqui ! Valoriza\u00e7\u00e3o avan\u00e7a para \u00e1reas pr\u00f3ximas O crescimento imobili\u00e1rio da Avenida Beira-Mar Norte impulsiona a expans\u00e3o \u2013 em pre\u00e7o e em novos empreendimentos \u2013 para as vias paralelas no centro da cidade. A aposta \u00e9 de que outras ruas da regi\u00e3o passem pela mesma transforma\u00e7\u00e3o que ocorreu [&hellip;]\" \/>\n<meta property=\"og:url\" content=\"https:\/\/midiamix.com\/site\/o-endereco-mais-caro-do-sul\/\" \/>\n<meta property=\"og:site_name\" content=\"MIDIAMIX.COM\" \/>\n<meta property=\"article:publisher\" content=\"https:\/\/www.facebook.com\/MIDIAMIXPAINEIS\/\" \/>\n<meta property=\"article:published_time\" content=\"2010-02-21T12:27:02+00:00\" \/>\n<meta property=\"article:modified_time\" content=\"2021-01-22T12:37:12+00:00\" \/>\n<meta name=\"author\" content=\"Francianne Dias\" \/>\n<meta name=\"twitter:card\" content=\"summary_large_image\" \/>\n<meta name=\"twitter:label1\" content=\"Escrito por\" \/>\n\t<meta name=\"twitter:data1\" content=\"Francianne Dias\" \/>\n\t<meta name=\"twitter:label2\" content=\"Est. tempo de leitura\" \/>\n\t<meta name=\"twitter:data2\" content=\"1 minuto\" \/>\n<script type=\"application\/ld+json\" class=\"yoast-schema-graph\">{\"@context\":\"https:\/\/schema.org\",\"@graph\":[{\"@type\":\"WebSite\",\"@id\":\"https:\/\/midiamix.com\/site\/#website\",\"url\":\"https:\/\/midiamix.com\/site\/\",\"name\":\"MIDIAMIX.COM\",\"description\":\"MIDIAMIX.COM \u00e9 uma empresa especializada em m\u00eddia exterior.\",\"potentialAction\":[{\"@type\":\"SearchAction\",\"target\":{\"@type\":\"EntryPoint\",\"urlTemplate\":\"https:\/\/midiamix.com\/site\/?s={search_term_string}\"},\"query-input\":\"required name=search_term_string\"}],\"inLanguage\":\"pt-BR\"},{\"@type\":\"WebPage\",\"@id\":\"https:\/\/midiamix.com\/site\/o-endereco-mais-caro-do-sul\/\",\"url\":\"https:\/\/midiamix.com\/site\/o-endereco-mais-caro-do-sul\/\",\"name\":\"O endere\u00e7o mais caro do Sul - MIDIAMIX.COM\",\"isPartOf\":{\"@id\":\"https:\/\/midiamix.com\/site\/#website\"},\"datePublished\":\"2010-02-21T12:27:02+00:00\",\"dateModified\":\"2021-01-22T12:37:12+00:00\",\"author\":{\"@id\":\"https:\/\/midiamix.com\/site\/#\/schema\/person\/a5a285aa493a1e874e8ba7fab721b687\"},\"breadcrumb\":{\"@id\":\"https:\/\/midiamix.com\/site\/o-endereco-mais-caro-do-sul\/#breadcrumb\"},\"inLanguage\":\"pt-BR\",\"potentialAction\":[{\"@type\":\"ReadAction\",\"target\":[\"https:\/\/midiamix.com\/site\/o-endereco-mais-caro-do-sul\/\"]}]},{\"@type\":\"BreadcrumbList\",\"@id\":\"https:\/\/midiamix.com\/site\/o-endereco-mais-caro-do-sul\/#breadcrumb\",\"itemListElement\":[{\"@type\":\"ListItem\",\"position\":1,\"name\":\"In\u00edcio\",\"item\":\"https:\/\/midiamix.com\/site\/\"},{\"@type\":\"ListItem\",\"position\":2,\"name\":\"O endere\u00e7o mais caro do Sul\"}]},{\"@type\":\"Person\",\"@id\":\"https:\/\/midiamix.com\/site\/#\/schema\/person\/a5a285aa493a1e874e8ba7fab721b687\",\"name\":\"Francianne Dias\",\"image\":{\"@type\":\"ImageObject\",\"inLanguage\":\"pt-BR\",\"@id\":\"https:\/\/midiamix.com\/site\/#\/schema\/person\/image\/\",\"url\":\"https:\/\/secure.gravatar.com\/avatar\/6e248fd9540438c84abe7802e4b80b17?s=96&d=mm&r=g\",\"contentUrl\":\"https:\/\/secure.gravatar.com\/avatar\/6e248fd9540438c84abe7802e4b80b17?s=96&d=mm&r=g\",\"caption\":\"Francianne Dias\"},\"sameAs\":[\"http:\/\/www.midiamix.com\"],\"url\":\"https:\/\/midiamix.com\/site\/author\/francianne\/\"}]}<\/script>\n<!-- \/ Yoast SEO plugin. -->","yoast_head_json":{"title":"O endere\u00e7o mais caro do Sul - MIDIAMIX.COM","robots":{"index":"index","follow":"follow","max-snippet":"max-snippet:-1","max-image-preview":"max-image-preview:large","max-video-preview":"max-video-preview:-1"},"canonical":"https:\/\/midiamix.com\/site\/o-endereco-mais-caro-do-sul\/","og_locale":"pt_BR","og_type":"article","og_title":"O endere\u00e7o mais caro do Sul - MIDIAMIX.COM","og_description":"O endere\u00e7o mais caro do Sul \u00e9 aqui ! Valoriza\u00e7\u00e3o avan\u00e7a para \u00e1reas pr\u00f3ximas O crescimento imobili\u00e1rio da Avenida Beira-Mar Norte impulsiona a expans\u00e3o \u2013 em pre\u00e7o e em novos empreendimentos \u2013 para as vias paralelas no centro da cidade. A aposta \u00e9 de que outras ruas da regi\u00e3o passem pela mesma transforma\u00e7\u00e3o que ocorreu [&hellip;]","og_url":"https:\/\/midiamix.com\/site\/o-endereco-mais-caro-do-sul\/","og_site_name":"MIDIAMIX.COM","article_publisher":"https:\/\/www.facebook.com\/MIDIAMIXPAINEIS\/","article_published_time":"2010-02-21T12:27:02+00:00","article_modified_time":"2021-01-22T12:37:12+00:00","author":"Francianne Dias","twitter_card":"summary_large_image","twitter_misc":{"Escrito por":"Francianne Dias","Est. tempo de leitura":"1 minuto"},"schema":{"@context":"https:\/\/schema.org","@graph":[{"@type":"WebSite","@id":"https:\/\/midiamix.com\/site\/#website","url":"https:\/\/midiamix.com\/site\/","name":"MIDIAMIX.COM","description":"MIDIAMIX.COM \u00e9 uma empresa especializada em m\u00eddia exterior.","potentialAction":[{"@type":"SearchAction","target":{"@type":"EntryPoint","urlTemplate":"https:\/\/midiamix.com\/site\/?s={search_term_string}"},"query-input":"required name=search_term_string"}],"inLanguage":"pt-BR"},{"@type":"WebPage","@id":"https:\/\/midiamix.com\/site\/o-endereco-mais-caro-do-sul\/","url":"https:\/\/midiamix.com\/site\/o-endereco-mais-caro-do-sul\/","name":"O endere\u00e7o mais caro do Sul - MIDIAMIX.COM","isPartOf":{"@id":"https:\/\/midiamix.com\/site\/#website"},"datePublished":"2010-02-21T12:27:02+00:00","dateModified":"2021-01-22T12:37:12+00:00","author":{"@id":"https:\/\/midiamix.com\/site\/#\/schema\/person\/a5a285aa493a1e874e8ba7fab721b687"},"breadcrumb":{"@id":"https:\/\/midiamix.com\/site\/o-endereco-mais-caro-do-sul\/#breadcrumb"},"inLanguage":"pt-BR","potentialAction":[{"@type":"ReadAction","target":["https:\/\/midiamix.com\/site\/o-endereco-mais-caro-do-sul\/"]}]},{"@type":"BreadcrumbList","@id":"https:\/\/midiamix.com\/site\/o-endereco-mais-caro-do-sul\/#breadcrumb","itemListElement":[{"@type":"ListItem","position":1,"name":"In\u00edcio","item":"https:\/\/midiamix.com\/site\/"},{"@type":"ListItem","position":2,"name":"O endere\u00e7o mais caro do Sul"}]},{"@type":"Person","@id":"https:\/\/midiamix.com\/site\/#\/schema\/person\/a5a285aa493a1e874e8ba7fab721b687","name":"Francianne Dias","image":{"@type":"ImageObject","inLanguage":"pt-BR","@id":"https:\/\/midiamix.com\/site\/#\/schema\/person\/image\/","url":"https:\/\/secure.gravatar.com\/avatar\/6e248fd9540438c84abe7802e4b80b17?s=96&d=mm&r=g","contentUrl":"https:\/\/secure.gravatar.com\/avatar\/6e248fd9540438c84abe7802e4b80b17?s=96&d=mm&r=g","caption":"Francianne Dias"},"sameAs":["http:\/\/www.midiamix.com"],"url":"https:\/\/midiamix.com\/site\/author\/francianne\/"}]}},"_links":{"self":[{"href":"https:\/\/midiamix.com\/site\/wp-json\/wp\/v2\/posts\/2728"}],"collection":[{"href":"https:\/\/midiamix.com\/site\/wp-json\/wp\/v2\/posts"}],"about":[{"href":"https:\/\/midiamix.com\/site\/wp-json\/wp\/v2\/types\/post"}],"author":[{"embeddable":true,"href":"https:\/\/midiamix.com\/site\/wp-json\/wp\/v2\/users\/4"}],"replies":[{"embeddable":true,"href":"https:\/\/midiamix.com\/site\/wp-json\/wp\/v2\/comments?post=2728"}],"version-history":[{"count":1,"href":"https:\/\/midiamix.com\/site\/wp-json\/wp\/v2\/posts\/2728\/revisions"}],"predecessor-version":[{"id":2729,"href":"https:\/\/midiamix.com\/site\/wp-json\/wp\/v2\/posts\/2728\/revisions\/2729"}],"wp:attachment":[{"href":"https:\/\/midiamix.com\/site\/wp-json\/wp\/v2\/media?parent=2728"}],"wp:term":[{"taxonomy":"category","embeddable":true,"href":"https:\/\/midiamix.com\/site\/wp-json\/wp\/v2\/categories?post=2728"},{"taxonomy":"post_tag","embeddable":true,"href":"https:\/\/midiamix.com\/site\/wp-json\/wp\/v2\/tags?post=2728"}],"curies":[{"name":"wp","href":"https:\/\/api.w.org\/{rel}","templated":true}]}}