{"id":2725,"date":"2020-06-22T09:04:08","date_gmt":"2020-06-22T12:04:08","guid":{"rendered":"https:\/\/midiamix.com\/site\/?p=2725"},"modified":"2021-01-22T10:47:07","modified_gmt":"2021-01-22T13:47:07","slug":"lider","status":"publish","type":"post","link":"https:\/\/midiamix.com\/site\/lider\/","title":{"rendered":"LIDER"},"content":{"rendered":"\n<h2>Florian\u00f3polis lidera consumo em SC, mas cidades m\u00e9dias se destacam <\/h2>\n\n\n\n<p>A crise causada pelo novo coronav\u00edrus deve reduzir em R$ 15,1 bilh\u00f5es o potencial de consumo catarinense este ano, passando de R$ 221,3 bilh\u00f5es em 2019 (4,72% do total nacional) para R$ 206,1 bilh\u00f5es (4,62%). A proje\u00e7\u00e3o \u00e9 do estudo IPC Maps 2020, que analisa potencial de consumo das cidades brasileiras. Neste ano, Florian\u00f3polis supera Joinville nessa an\u00e1lise comparativa, feita com dados oficiais do pa\u00eds e estimativa de perda de 5,89%. Segundo o estudo, a Capital ter\u00e1 capacidade de consumo de R$ 19,11 bilh\u00f5es, frente a R$ 17,57 bilh\u00f5es no ano anterior. E um grupo de cidades de porte m\u00e9dio mostra a for\u00e7a da diversifica\u00e7\u00e3o urbana e econ\u00f4mica de SC. \n\n<\/p>\n\n\n\n<p>Com maior impacto da pandemia, Joinville vai deixar o topo do ranking. Segundo o IPC Maps, o munic\u00edpio mais populoso de SC (mais de 600 mil habitantes) gastar\u00e1 este ano R$ 17,62 bilh\u00f5es, ap\u00f3s alcan\u00e7ar no ano passado R$ 21,68 bilh\u00f5es e, no ano anterior (2018), R$ 19,69 bilh\u00f5es. Blumenau, terceira maior cidade catarinense, deve consumir este ano R$ 12,84 bilh\u00f5es. Juntas, essas tr\u00eas maiores cidades ter\u00e3o R$ 49,57 bilh\u00f5es, controlando cerca de 25% da renda estadual.<\/p>\n\n\n\n<p>O pesquisador lembrou ainda que Campinas est\u00e1 num importante eixo log\u00edstico para a economia brasileira. A cidade \u00e9 cortada por algumas das mais importantes rodovias do Pa\u00eds e sede do Aeroporto Internacional de Viracopos. Em S\u00e3o Paulo, o n\u00famero de capitais regionais passou de 12 para 20 entre 2007 e 2018. S\u00e3o elas Ribeir\u00e3o Preto, Bauru, S\u00e3o Jos\u00e9 do Rio Preto, S\u00e3o Jos\u00e9 dos Campos, Sorocaba, Ara\u00e7atuba, Baixada Santista (considerando o arranjo populacional como um todo), Americana, Araraquara, Catanduva, Franca, Guaratinguet\u00e1, Jundia\u00ed, Limeira, Mar\u00edlia, Piracicaba, Presidente Prudente, S\u00e3o Carlos, Barretos e Ja\u00fa.<\/p>\n\n\n\n<p>No estudo, chama a aten\u00e7\u00e3o em Santa Catarina tamb\u00e9m a for\u00e7a de consumo das cidades m\u00e9dias, mostrando a relev\u00e2ncia regional da economia que \u00e9 a mais bem distribu\u00edda do Brasil. O levantamento mostra seis cidades com potencial de consumo entre mais de R$ 8 bilh\u00f5es e R$ 6 bilh\u00f5es. Nesse grupo est\u00e3o S\u00e3o Jos\u00e9, com potencial de consumo de R$ 8,44 bilh\u00f5es, seguido por Itaja\u00ed (R$ 6,73 bi), Chapec\u00f3 (R$ 6,47 bi), Crici\u00fama (R$6,46 bi), Jaragu\u00e1 do Sul (R$ 6,06 bi) e Balne\u00e1rio Cambor\u00ed\u00fa (R$ 5,96 bi). Juntas, essas seis somam renda de R$ 40,12 bilh\u00f5es. \n\n<\/p>\n\n\n\n<p>SC conta, tamb\u00e9m, com 17 cidades que t\u00eam poder de consumo superior a R$ 1 bilh\u00e3o. Na outra ponta, entre as cidades catarinenses com menor renda est\u00e3o os pequenos munic\u00edpios como Macieira, Santiago do Sul e Flor do Sert\u00e3o.<\/p>\n\n\n\n<h3>N\u00famero de empresas cai 7,8% em SC\n\n<\/h3>\n\n\n\n<p>O estudo INP Maps estimou tamb\u00e9m uma queda de 7,8% no n\u00famero de empresas este ano em Santa Catarina devido \u00e0 pandemia. A base de compara\u00e7\u00e3o \u00e9 o m\u00eas de abril frente ao mesmo per\u00edodo do ano passado. Essa proje\u00e7\u00e3o \u00e9 feita com base em dados do Minist\u00e9rio da Economia, RAIS e Minist\u00e9rio do Trabalho, al\u00e9m de consultas \u00e0 Receita Federal. \n\n<\/p>\n\n\n\n<p>A estimativa aponta que a menor varia\u00e7\u00e3o de fechamento de empresas ser\u00e1 em Florian\u00f3polis, com -7,7% em 2020 frente a 2019. SC ter\u00e1 redu\u00e7\u00e3o de 7,8% enquanto no Brasil ser\u00e3o fechadas 13,1% das empresas. Segundo o coordenador do estudo, Marcos Pazzini, s\u00f3cio da IPC Marketing Editora, o setor de com\u00e9rcio est\u00e1 puxando o fechamento de empresas no Brasil, com um recuo m\u00e9dio de 20% frente a 2019.<\/p>\n\n\n\n<p>Fonte: <a href=\"https:\/\/noticias.uol.com.br\/ultimas-noticias\/agencia-estado\/2020\/06\/25\/ibge-campinas-vitoria-e-florianopolis-sao-elevadas-a-categoria-de-metropole.htm?utm_source=noticias&amp;utm_medium=mercado&amp;utm_campaign=midiamix.com\">NSC<\/a><\/p>\n","protected":false},"excerpt":{"rendered":"<p>Florian\u00f3polis lidera consumo em SC, mas cidades m\u00e9dias se destacam A crise causada pelo novo coronav\u00edrus deve reduzir em R$ 15,1 bilh\u00f5es o potencial de consumo catarinense este ano, passando de R$ 221,3 bilh\u00f5es em 2019 (4,72% do total nacional) para R$ 206,1 bilh\u00f5es (4,62%). A proje\u00e7\u00e3o \u00e9 do estudo IPC Maps 2020, que analisa [&hellip;]<\/p>\n","protected":false},"author":4,"featured_media":0,"comment_status":"open","ping_status":"open","sticky":false,"template":"","format":"standard","meta":[],"categories":[],"tags":[],"yoast_head":"<!-- This site is optimized with the Yoast SEO plugin v19.3 - https:\/\/yoast.com\/wordpress\/plugins\/seo\/ -->\n<title>LIDER - MIDIAMIX.COM<\/title>\n<meta name=\"robots\" content=\"index, follow, max-snippet:-1, max-image-preview:large, max-video-preview:-1\" \/>\n<link rel=\"canonical\" href=\"https:\/\/midiamix.com\/site\/lider\/\" \/>\n<meta property=\"og:locale\" content=\"pt_BR\" \/>\n<meta property=\"og:type\" content=\"article\" \/>\n<meta property=\"og:title\" content=\"LIDER - MIDIAMIX.COM\" \/>\n<meta property=\"og:description\" content=\"Florian\u00f3polis lidera consumo em SC, mas cidades m\u00e9dias se destacam A crise causada pelo novo coronav\u00edrus deve reduzir em R$ 15,1 bilh\u00f5es o potencial de consumo catarinense este ano, passando de R$ 221,3 bilh\u00f5es em 2019 (4,72% do total nacional) para R$ 206,1 bilh\u00f5es (4,62%). A proje\u00e7\u00e3o \u00e9 do estudo IPC Maps 2020, que analisa [&hellip;]\" \/>\n<meta property=\"og:url\" content=\"https:\/\/midiamix.com\/site\/lider\/\" \/>\n<meta property=\"og:site_name\" content=\"MIDIAMIX.COM\" \/>\n<meta property=\"article:publisher\" content=\"https:\/\/www.facebook.com\/MIDIAMIXPAINEIS\/\" \/>\n<meta property=\"article:published_time\" content=\"2020-06-22T12:04:08+00:00\" \/>\n<meta property=\"article:modified_time\" content=\"2021-01-22T13:47:07+00:00\" \/>\n<meta name=\"author\" content=\"Francianne Dias\" \/>\n<meta name=\"twitter:card\" content=\"summary_large_image\" \/>\n<meta name=\"twitter:label1\" content=\"Escrito por\" \/>\n\t<meta name=\"twitter:data1\" content=\"Francianne Dias\" \/>\n\t<meta name=\"twitter:label2\" content=\"Est. tempo de leitura\" \/>\n\t<meta name=\"twitter:data2\" content=\"3 minutos\" \/>\n<script type=\"application\/ld+json\" class=\"yoast-schema-graph\">{\"@context\":\"https:\/\/schema.org\",\"@graph\":[{\"@type\":\"WebSite\",\"@id\":\"https:\/\/midiamix.com\/site\/#website\",\"url\":\"https:\/\/midiamix.com\/site\/\",\"name\":\"MIDIAMIX.COM\",\"description\":\"MIDIAMIX.COM \u00e9 uma empresa especializada em m\u00eddia exterior.\",\"potentialAction\":[{\"@type\":\"SearchAction\",\"target\":{\"@type\":\"EntryPoint\",\"urlTemplate\":\"https:\/\/midiamix.com\/site\/?s={search_term_string}\"},\"query-input\":\"required name=search_term_string\"}],\"inLanguage\":\"pt-BR\"},{\"@type\":\"WebPage\",\"@id\":\"https:\/\/midiamix.com\/site\/lider\/\",\"url\":\"https:\/\/midiamix.com\/site\/lider\/\",\"name\":\"LIDER - MIDIAMIX.COM\",\"isPartOf\":{\"@id\":\"https:\/\/midiamix.com\/site\/#website\"},\"datePublished\":\"2020-06-22T12:04:08+00:00\",\"dateModified\":\"2021-01-22T13:47:07+00:00\",\"author\":{\"@id\":\"https:\/\/midiamix.com\/site\/#\/schema\/person\/a5a285aa493a1e874e8ba7fab721b687\"},\"breadcrumb\":{\"@id\":\"https:\/\/midiamix.com\/site\/lider\/#breadcrumb\"},\"inLanguage\":\"pt-BR\",\"potentialAction\":[{\"@type\":\"ReadAction\",\"target\":[\"https:\/\/midiamix.com\/site\/lider\/\"]}]},{\"@type\":\"BreadcrumbList\",\"@id\":\"https:\/\/midiamix.com\/site\/lider\/#breadcrumb\",\"itemListElement\":[{\"@type\":\"ListItem\",\"position\":1,\"name\":\"In\u00edcio\",\"item\":\"https:\/\/midiamix.com\/site\/\"},{\"@type\":\"ListItem\",\"position\":2,\"name\":\"LIDER\"}]},{\"@type\":\"Person\",\"@id\":\"https:\/\/midiamix.com\/site\/#\/schema\/person\/a5a285aa493a1e874e8ba7fab721b687\",\"name\":\"Francianne Dias\",\"image\":{\"@type\":\"ImageObject\",\"inLanguage\":\"pt-BR\",\"@id\":\"https:\/\/midiamix.com\/site\/#\/schema\/person\/image\/\",\"url\":\"https:\/\/secure.gravatar.com\/avatar\/6e248fd9540438c84abe7802e4b80b17?s=96&d=mm&r=g\",\"contentUrl\":\"https:\/\/secure.gravatar.com\/avatar\/6e248fd9540438c84abe7802e4b80b17?s=96&d=mm&r=g\",\"caption\":\"Francianne Dias\"},\"sameAs\":[\"http:\/\/www.midiamix.com\"],\"url\":\"https:\/\/midiamix.com\/site\/author\/francianne\/\"}]}<\/script>\n<!-- \/ Yoast SEO plugin. -->","yoast_head_json":{"title":"LIDER - MIDIAMIX.COM","robots":{"index":"index","follow":"follow","max-snippet":"max-snippet:-1","max-image-preview":"max-image-preview:large","max-video-preview":"max-video-preview:-1"},"canonical":"https:\/\/midiamix.com\/site\/lider\/","og_locale":"pt_BR","og_type":"article","og_title":"LIDER - MIDIAMIX.COM","og_description":"Florian\u00f3polis lidera consumo em SC, mas cidades m\u00e9dias se destacam A crise causada pelo novo coronav\u00edrus deve reduzir em R$ 15,1 bilh\u00f5es o potencial de consumo catarinense este ano, passando de R$ 221,3 bilh\u00f5es em 2019 (4,72% do total nacional) para R$ 206,1 bilh\u00f5es (4,62%). A proje\u00e7\u00e3o \u00e9 do estudo IPC Maps 2020, que analisa [&hellip;]","og_url":"https:\/\/midiamix.com\/site\/lider\/","og_site_name":"MIDIAMIX.COM","article_publisher":"https:\/\/www.facebook.com\/MIDIAMIXPAINEIS\/","article_published_time":"2020-06-22T12:04:08+00:00","article_modified_time":"2021-01-22T13:47:07+00:00","author":"Francianne Dias","twitter_card":"summary_large_image","twitter_misc":{"Escrito por":"Francianne Dias","Est. tempo de leitura":"3 minutos"},"schema":{"@context":"https:\/\/schema.org","@graph":[{"@type":"WebSite","@id":"https:\/\/midiamix.com\/site\/#website","url":"https:\/\/midiamix.com\/site\/","name":"MIDIAMIX.COM","description":"MIDIAMIX.COM \u00e9 uma empresa especializada em m\u00eddia exterior.","potentialAction":[{"@type":"SearchAction","target":{"@type":"EntryPoint","urlTemplate":"https:\/\/midiamix.com\/site\/?s={search_term_string}"},"query-input":"required name=search_term_string"}],"inLanguage":"pt-BR"},{"@type":"WebPage","@id":"https:\/\/midiamix.com\/site\/lider\/","url":"https:\/\/midiamix.com\/site\/lider\/","name":"LIDER - MIDIAMIX.COM","isPartOf":{"@id":"https:\/\/midiamix.com\/site\/#website"},"datePublished":"2020-06-22T12:04:08+00:00","dateModified":"2021-01-22T13:47:07+00:00","author":{"@id":"https:\/\/midiamix.com\/site\/#\/schema\/person\/a5a285aa493a1e874e8ba7fab721b687"},"breadcrumb":{"@id":"https:\/\/midiamix.com\/site\/lider\/#breadcrumb"},"inLanguage":"pt-BR","potentialAction":[{"@type":"ReadAction","target":["https:\/\/midiamix.com\/site\/lider\/"]}]},{"@type":"BreadcrumbList","@id":"https:\/\/midiamix.com\/site\/lider\/#breadcrumb","itemListElement":[{"@type":"ListItem","position":1,"name":"In\u00edcio","item":"https:\/\/midiamix.com\/site\/"},{"@type":"ListItem","position":2,"name":"LIDER"}]},{"@type":"Person","@id":"https:\/\/midiamix.com\/site\/#\/schema\/person\/a5a285aa493a1e874e8ba7fab721b687","name":"Francianne Dias","image":{"@type":"ImageObject","inLanguage":"pt-BR","@id":"https:\/\/midiamix.com\/site\/#\/schema\/person\/image\/","url":"https:\/\/secure.gravatar.com\/avatar\/6e248fd9540438c84abe7802e4b80b17?s=96&d=mm&r=g","contentUrl":"https:\/\/secure.gravatar.com\/avatar\/6e248fd9540438c84abe7802e4b80b17?s=96&d=mm&r=g","caption":"Francianne Dias"},"sameAs":["http:\/\/www.midiamix.com"],"url":"https:\/\/midiamix.com\/site\/author\/francianne\/"}]}},"_links":{"self":[{"href":"https:\/\/midiamix.com\/site\/wp-json\/wp\/v2\/posts\/2725"}],"collection":[{"href":"https:\/\/midiamix.com\/site\/wp-json\/wp\/v2\/posts"}],"about":[{"href":"https:\/\/midiamix.com\/site\/wp-json\/wp\/v2\/types\/post"}],"author":[{"embeddable":true,"href":"https:\/\/midiamix.com\/site\/wp-json\/wp\/v2\/users\/4"}],"replies":[{"embeddable":true,"href":"https:\/\/midiamix.com\/site\/wp-json\/wp\/v2\/comments?post=2725"}],"version-history":[{"count":3,"href":"https:\/\/midiamix.com\/site\/wp-json\/wp\/v2\/posts\/2725\/revisions"}],"predecessor-version":[{"id":2732,"href":"https:\/\/midiamix.com\/site\/wp-json\/wp\/v2\/posts\/2725\/revisions\/2732"}],"wp:attachment":[{"href":"https:\/\/midiamix.com\/site\/wp-json\/wp\/v2\/media?parent=2725"}],"wp:term":[{"taxonomy":"category","embeddable":true,"href":"https:\/\/midiamix.com\/site\/wp-json\/wp\/v2\/categories?post=2725"},{"taxonomy":"post_tag","embeddable":true,"href":"https:\/\/midiamix.com\/site\/wp-json\/wp\/v2\/tags?post=2725"}],"curies":[{"name":"wp","href":"https:\/\/api.w.org\/{rel}","templated":true}]}}