{"id":2639,"date":"2020-06-25T08:49:49","date_gmt":"2020-06-25T11:49:49","guid":{"rendered":"https:\/\/midiamix.com\/site\/?p=2639"},"modified":"2020-07-03T17:17:48","modified_gmt":"2020-07-03T20:17:48","slug":"nova-metropole","status":"publish","type":"post","link":"https:\/\/midiamix.com\/site\/nova-metropole\/","title":{"rendered":"NOVA METR\u00d3POLE"},"content":{"rendered":"\n<h2>Florian\u00f3polis ganha condi\u00e7\u00e3o de metr\u00f3pole, segundo IBGE<\/h2>\n\n\n\n<h4>Turismo, agroind\u00fastria, produ\u00e7\u00e3o naval e empresas de tecnologia movimentam a economia, diz gerente de pesquisa <\/h4>\n\n\n\n<p>As cidades de Campinas (SP), Vit\u00f3ria (ES) e Florian\u00f3polis (SC), antes consideradas capitais regionais, foram elevadas \u00e0 categoria de metr\u00f3pole pelo Instituto Brasileiro de Geografia e Estat\u00edstica (IBGE). Agora, o Brasil tem 15 metr\u00f3poles, cinco delas na Regi\u00e3o Sudeste, conforme a classifica\u00e7\u00e3o da pesquisa Regi\u00f5es de Influ\u00eancia das Cidades (Regic) referente a 2018, divulgada nesta quinta-feira, 25. <\/p>\n\n\n\n<p>A cidade paulista \u00e9 a primeira, e at\u00e9 agora \u00fanica, metr\u00f3pole que n\u00e3o \u00e9 capital de seu Estado. S\u00e3o Paulo, capital, \u00e9 a \u00fanica cidade do Pa\u00eds considerada &#8220;grande metr\u00f3pole nacional&#8221;. <\/p>\n\n\n\n<p>O arranjo populacional da capital (usado na terminologia da Regic, pode incluir mais de um munic\u00edpio, no caso de centros urbanos aglomerados, com pouca distin\u00e7\u00e3o administrativa) concentrava 21,5 milh\u00f5es de habitantes em 2018. A \u00e1rea abrange S\u00e3o Paulo e mais 36 munic\u00edpios.<\/p>\n\n\n\n<p>Feita a cada dez anos &#8211; a \u00faltima vers\u00e3o era referente a 2007 -, a Regic estuda a rede urbana brasileira, estabelecendo a hierarquia dos centros urbanos e as regi\u00f5es de influ\u00eancia das cidades e verificando a forma pela qual as cidades se relacionam entre si, atrav\u00e9s do deslocamento de pessoas em busca de bens e servi\u00e7os, p\u00fablicos e privados. Os arranjos populacionais s\u00e3o classificados em cinco n\u00edveis: metr\u00f3poles, capitais regionais, centros sub-regionais, centros de zona e centros locais. <\/p>\n\n\n\n<p>Para fazer a classifica\u00e7\u00e3o, o IBGE considera a presen\u00e7a de empresas e de \u00f3rg\u00e3os p\u00fablicos, o n\u00edvel de atratividade que a cidade exerce sobre popula\u00e7\u00f5es de outras cidades para adquirir bens e servi\u00e7os, e a regi\u00e3o de influ\u00eancia da cidade. <\/p>\n\n\n\n<p>Contando com Campinas, Vit\u00f3ria e Florian\u00f3polis, 485 cidades subiram de n\u00edvel hier\u00e1rquico da pesquisa de 2007 para a de 2018. A grande quantidade empresas e institui\u00e7\u00f5es p\u00fablicas, al\u00e9m de possu\u00edrem expressiva atratividade para bens e servi\u00e7os, pesou na ascens\u00e3o das tr\u00eas novas metr\u00f3poles do Pa\u00eds. &#8220;Campinas \u00e9 um polo tecnol\u00f3gico muito importante, tem uma universidade sempre lembrada nos principais rankings universit\u00e1rios&#8221;, afirmou Bruno Hidalgo, gerente de Redes e Fluxos Geogr\u00e1ficos do IBGE, referindo-se \u00e0 Universidade Estadual de Campinas (Unicamp).<\/p>\n\n\n\n<p>O pesquisador lembrou ainda que Campinas est\u00e1 num importante eixo log\u00edstico para a economia brasileira. A cidade \u00e9 cortada por algumas das mais importantes rodovias do Pa\u00eds e sede do Aeroporto Internacional de Viracopos. Em S\u00e3o Paulo, o n\u00famero de capitais regionais passou de 12 para 20 entre 2007 e 2018. S\u00e3o elas Ribeir\u00e3o Preto, Bauru, S\u00e3o Jos\u00e9 do Rio Preto, S\u00e3o Jos\u00e9 dos Campos, Sorocaba, Ara\u00e7atuba, Baixada Santista (considerando o arranjo populacional como um todo), Americana, Araraquara, Catanduva, Franca, Guaratinguet\u00e1, Jundia\u00ed, Limeira, Mar\u00edlia, Piracicaba, Presidente Prudente, S\u00e3o Carlos, Barretos e Ja\u00fa.<\/p>\n\n\n\n<p>Fonte: <a href=\"https:\/\/noticias.uol.com.br\/ultimas-noticias\/agencia-estado\/2020\/06\/25\/ibge-campinas-vitoria-e-florianopolis-sao-elevadas-a-categoria-de-metropole.htm?utm_source=noticias&amp;utm_medium=mercado&amp;utm_campaign=midiamix.com\">Uol<\/a><\/p>\n","protected":false},"excerpt":{"rendered":"<p>Florian\u00f3polis ganha condi\u00e7\u00e3o de metr\u00f3pole, segundo IBGE Turismo, agroind\u00fastria, produ\u00e7\u00e3o naval e empresas de tecnologia movimentam a economia, diz gerente de pesquisa As cidades de Campinas (SP), Vit\u00f3ria (ES) e Florian\u00f3polis (SC), antes consideradas capitais regionais, foram elevadas \u00e0 categoria de metr\u00f3pole pelo Instituto Brasileiro de Geografia e Estat\u00edstica (IBGE). Agora, o Brasil tem 15 [&hellip;]<\/p>\n","protected":false},"author":4,"featured_media":0,"comment_status":"open","ping_status":"open","sticky":false,"template":"","format":"standard","meta":[],"categories":[],"tags":[],"yoast_head":"<!-- This site is optimized with the Yoast SEO plugin v19.3 - https:\/\/yoast.com\/wordpress\/plugins\/seo\/ -->\n<title>NOVA METR\u00d3POLE - MIDIAMIX.COM<\/title>\n<meta name=\"robots\" content=\"index, follow, max-snippet:-1, max-image-preview:large, max-video-preview:-1\" \/>\n<link rel=\"canonical\" href=\"https:\/\/midiamix.com\/site\/nova-metropole\/\" \/>\n<meta property=\"og:locale\" content=\"pt_BR\" \/>\n<meta property=\"og:type\" content=\"article\" \/>\n<meta property=\"og:title\" content=\"NOVA METR\u00d3POLE - MIDIAMIX.COM\" \/>\n<meta property=\"og:description\" content=\"Florian\u00f3polis ganha condi\u00e7\u00e3o de metr\u00f3pole, segundo IBGE Turismo, agroind\u00fastria, produ\u00e7\u00e3o naval e empresas de tecnologia movimentam a economia, diz gerente de pesquisa As cidades de Campinas (SP), Vit\u00f3ria (ES) e Florian\u00f3polis (SC), antes consideradas capitais regionais, foram elevadas \u00e0 categoria de metr\u00f3pole pelo Instituto Brasileiro de Geografia e Estat\u00edstica (IBGE). Agora, o Brasil tem 15 [&hellip;]\" \/>\n<meta property=\"og:url\" content=\"https:\/\/midiamix.com\/site\/nova-metropole\/\" \/>\n<meta property=\"og:site_name\" content=\"MIDIAMIX.COM\" \/>\n<meta property=\"article:publisher\" content=\"https:\/\/www.facebook.com\/MIDIAMIXPAINEIS\/\" \/>\n<meta property=\"article:published_time\" content=\"2020-06-25T11:49:49+00:00\" \/>\n<meta property=\"article:modified_time\" content=\"2020-07-03T20:17:48+00:00\" \/>\n<meta name=\"author\" content=\"Francianne Dias\" \/>\n<meta name=\"twitter:card\" content=\"summary_large_image\" \/>\n<meta name=\"twitter:label1\" content=\"Escrito por\" \/>\n\t<meta name=\"twitter:data1\" content=\"Francianne Dias\" \/>\n\t<meta name=\"twitter:label2\" content=\"Est. tempo de leitura\" \/>\n\t<meta name=\"twitter:data2\" content=\"2 minutos\" \/>\n<script type=\"application\/ld+json\" class=\"yoast-schema-graph\">{\"@context\":\"https:\/\/schema.org\",\"@graph\":[{\"@type\":\"WebSite\",\"@id\":\"https:\/\/midiamix.com\/site\/#website\",\"url\":\"https:\/\/midiamix.com\/site\/\",\"name\":\"MIDIAMIX.COM\",\"description\":\"MIDIAMIX.COM \u00e9 uma empresa especializada em m\u00eddia exterior.\",\"potentialAction\":[{\"@type\":\"SearchAction\",\"target\":{\"@type\":\"EntryPoint\",\"urlTemplate\":\"https:\/\/midiamix.com\/site\/?s={search_term_string}\"},\"query-input\":\"required name=search_term_string\"}],\"inLanguage\":\"pt-BR\"},{\"@type\":\"WebPage\",\"@id\":\"https:\/\/midiamix.com\/site\/nova-metropole\/\",\"url\":\"https:\/\/midiamix.com\/site\/nova-metropole\/\",\"name\":\"NOVA METR\u00d3POLE - MIDIAMIX.COM\",\"isPartOf\":{\"@id\":\"https:\/\/midiamix.com\/site\/#website\"},\"datePublished\":\"2020-06-25T11:49:49+00:00\",\"dateModified\":\"2020-07-03T20:17:48+00:00\",\"author\":{\"@id\":\"https:\/\/midiamix.com\/site\/#\/schema\/person\/a5a285aa493a1e874e8ba7fab721b687\"},\"breadcrumb\":{\"@id\":\"https:\/\/midiamix.com\/site\/nova-metropole\/#breadcrumb\"},\"inLanguage\":\"pt-BR\",\"potentialAction\":[{\"@type\":\"ReadAction\",\"target\":[\"https:\/\/midiamix.com\/site\/nova-metropole\/\"]}]},{\"@type\":\"BreadcrumbList\",\"@id\":\"https:\/\/midiamix.com\/site\/nova-metropole\/#breadcrumb\",\"itemListElement\":[{\"@type\":\"ListItem\",\"position\":1,\"name\":\"In\u00edcio\",\"item\":\"https:\/\/midiamix.com\/site\/\"},{\"@type\":\"ListItem\",\"position\":2,\"name\":\"NOVA METR\u00d3POLE\"}]},{\"@type\":\"Person\",\"@id\":\"https:\/\/midiamix.com\/site\/#\/schema\/person\/a5a285aa493a1e874e8ba7fab721b687\",\"name\":\"Francianne Dias\",\"image\":{\"@type\":\"ImageObject\",\"inLanguage\":\"pt-BR\",\"@id\":\"https:\/\/midiamix.com\/site\/#\/schema\/person\/image\/\",\"url\":\"https:\/\/secure.gravatar.com\/avatar\/6e248fd9540438c84abe7802e4b80b17?s=96&d=mm&r=g\",\"contentUrl\":\"https:\/\/secure.gravatar.com\/avatar\/6e248fd9540438c84abe7802e4b80b17?s=96&d=mm&r=g\",\"caption\":\"Francianne Dias\"},\"sameAs\":[\"http:\/\/www.midiamix.com\"],\"url\":\"https:\/\/midiamix.com\/site\/author\/francianne\/\"}]}<\/script>\n<!-- \/ Yoast SEO plugin. -->","yoast_head_json":{"title":"NOVA METR\u00d3POLE - MIDIAMIX.COM","robots":{"index":"index","follow":"follow","max-snippet":"max-snippet:-1","max-image-preview":"max-image-preview:large","max-video-preview":"max-video-preview:-1"},"canonical":"https:\/\/midiamix.com\/site\/nova-metropole\/","og_locale":"pt_BR","og_type":"article","og_title":"NOVA METR\u00d3POLE - MIDIAMIX.COM","og_description":"Florian\u00f3polis ganha condi\u00e7\u00e3o de metr\u00f3pole, segundo IBGE Turismo, agroind\u00fastria, produ\u00e7\u00e3o naval e empresas de tecnologia movimentam a economia, diz gerente de pesquisa As cidades de Campinas (SP), Vit\u00f3ria (ES) e Florian\u00f3polis (SC), antes consideradas capitais regionais, foram elevadas \u00e0 categoria de metr\u00f3pole pelo Instituto Brasileiro de Geografia e Estat\u00edstica (IBGE). Agora, o Brasil tem 15 [&hellip;]","og_url":"https:\/\/midiamix.com\/site\/nova-metropole\/","og_site_name":"MIDIAMIX.COM","article_publisher":"https:\/\/www.facebook.com\/MIDIAMIXPAINEIS\/","article_published_time":"2020-06-25T11:49:49+00:00","article_modified_time":"2020-07-03T20:17:48+00:00","author":"Francianne Dias","twitter_card":"summary_large_image","twitter_misc":{"Escrito por":"Francianne Dias","Est. tempo de leitura":"2 minutos"},"schema":{"@context":"https:\/\/schema.org","@graph":[{"@type":"WebSite","@id":"https:\/\/midiamix.com\/site\/#website","url":"https:\/\/midiamix.com\/site\/","name":"MIDIAMIX.COM","description":"MIDIAMIX.COM \u00e9 uma empresa especializada em m\u00eddia exterior.","potentialAction":[{"@type":"SearchAction","target":{"@type":"EntryPoint","urlTemplate":"https:\/\/midiamix.com\/site\/?s={search_term_string}"},"query-input":"required name=search_term_string"}],"inLanguage":"pt-BR"},{"@type":"WebPage","@id":"https:\/\/midiamix.com\/site\/nova-metropole\/","url":"https:\/\/midiamix.com\/site\/nova-metropole\/","name":"NOVA METR\u00d3POLE - MIDIAMIX.COM","isPartOf":{"@id":"https:\/\/midiamix.com\/site\/#website"},"datePublished":"2020-06-25T11:49:49+00:00","dateModified":"2020-07-03T20:17:48+00:00","author":{"@id":"https:\/\/midiamix.com\/site\/#\/schema\/person\/a5a285aa493a1e874e8ba7fab721b687"},"breadcrumb":{"@id":"https:\/\/midiamix.com\/site\/nova-metropole\/#breadcrumb"},"inLanguage":"pt-BR","potentialAction":[{"@type":"ReadAction","target":["https:\/\/midiamix.com\/site\/nova-metropole\/"]}]},{"@type":"BreadcrumbList","@id":"https:\/\/midiamix.com\/site\/nova-metropole\/#breadcrumb","itemListElement":[{"@type":"ListItem","position":1,"name":"In\u00edcio","item":"https:\/\/midiamix.com\/site\/"},{"@type":"ListItem","position":2,"name":"NOVA METR\u00d3POLE"}]},{"@type":"Person","@id":"https:\/\/midiamix.com\/site\/#\/schema\/person\/a5a285aa493a1e874e8ba7fab721b687","name":"Francianne Dias","image":{"@type":"ImageObject","inLanguage":"pt-BR","@id":"https:\/\/midiamix.com\/site\/#\/schema\/person\/image\/","url":"https:\/\/secure.gravatar.com\/avatar\/6e248fd9540438c84abe7802e4b80b17?s=96&d=mm&r=g","contentUrl":"https:\/\/secure.gravatar.com\/avatar\/6e248fd9540438c84abe7802e4b80b17?s=96&d=mm&r=g","caption":"Francianne Dias"},"sameAs":["http:\/\/www.midiamix.com"],"url":"https:\/\/midiamix.com\/site\/author\/francianne\/"}]}},"_links":{"self":[{"href":"https:\/\/midiamix.com\/site\/wp-json\/wp\/v2\/posts\/2639"}],"collection":[{"href":"https:\/\/midiamix.com\/site\/wp-json\/wp\/v2\/posts"}],"about":[{"href":"https:\/\/midiamix.com\/site\/wp-json\/wp\/v2\/types\/post"}],"author":[{"embeddable":true,"href":"https:\/\/midiamix.com\/site\/wp-json\/wp\/v2\/users\/4"}],"replies":[{"embeddable":true,"href":"https:\/\/midiamix.com\/site\/wp-json\/wp\/v2\/comments?post=2639"}],"version-history":[{"count":3,"href":"https:\/\/midiamix.com\/site\/wp-json\/wp\/v2\/posts\/2639\/revisions"}],"predecessor-version":[{"id":2642,"href":"https:\/\/midiamix.com\/site\/wp-json\/wp\/v2\/posts\/2639\/revisions\/2642"}],"wp:attachment":[{"href":"https:\/\/midiamix.com\/site\/wp-json\/wp\/v2\/media?parent=2639"}],"wp:term":[{"taxonomy":"category","embeddable":true,"href":"https:\/\/midiamix.com\/site\/wp-json\/wp\/v2\/categories?post=2639"},{"taxonomy":"post_tag","embeddable":true,"href":"https:\/\/midiamix.com\/site\/wp-json\/wp\/v2\/tags?post=2639"}],"curies":[{"name":"wp","href":"https:\/\/api.w.org\/{rel}","templated":true}]}}