{"id":2625,"date":"2020-06-12T16:51:55","date_gmt":"2020-06-12T19:51:55","guid":{"rendered":"https:\/\/midiamix.com\/site\/?p=2625"},"modified":"2020-06-17T09:59:02","modified_gmt":"2020-06-17T12:59:02","slug":"o-melhor","status":"publish","type":"post","link":"https:\/\/midiamix.com\/site\/o-melhor\/","title":{"rendered":"O MELHOR"},"content":{"rendered":"\n<h2>Aeroporto de Florian\u00f3polis \u00e9 eleito o melhor do Brasil<\/h2>\n\n\n\n<p>A Secretaria Nacional de Avia\u00e7\u00e3o Civil (SAC) divulgou nesta quinta-feira (14) o resultado do primeiro trimestre de 2020 da Pesquisa de Satisfa\u00e7\u00e3o Geral do Passageiro. Pela primeira vez na hist\u00f3ria do levantamento, que \u00e9 realizado desde 2013, o Aeroporto Internacional de Florian\u00f3polis foi eleito o melhor do Brasil, com nota 4,72, entre os 20 maiores aeroportos de todo o pa\u00eds. <\/p>\n\n\n\n<p>Dentre os 38 itens pesquisados, o Aeroporto Internacional de Florian\u00f3polis tamb\u00e9m foi o mais bem avaliado em quesitos como Limpeza Geral do Aeroporto, Processo de Inspe\u00e7\u00e3o de Seguran\u00e7a, Conforto da Sala de Embarque e Conforto Ac\u00fastico.<\/p>\n\n\n\n<p>\u201cEssa pesquisa \u00e9 uma resposta direta do passageiro sobre os nossos servi\u00e7os, por isso sempre fomos muito atentos a ela. E \u00e9 gratificante observar que estamos no caminho certo para melhorar a experi\u00eancia de quem vem ao aeroporto. \u00c9 claro que h\u00e1 um impacto positivo em fun\u00e7\u00e3o da nova infraestrutura, mas \u00e9 importante observar que temos bons resultados em quesitos de outra natureza, por exemplo, recebemos a maior nota do Brasil para limpeza geral do aeroporto: 4,83 de uma nota m\u00e1ximo 5, o que para este momento de pandemia significa muito\u201d, analisa Ricardo Gesse, diretor geral da Floripa Airport. <\/p>\n\n\n\n<p>Quando a Floripa Airport, pertencente ao grupo Zurich Airport, assumiu a opera\u00e7\u00e3o em  Florian\u00f3polis, em janeiro de 2018, o aeroporto da capital catarinense era o \u00faltimo colocado da pesquisa, considerado o pior do pa\u00eds. Desde aquele in\u00edcio, ainda no terminal antigo, com uma infraestrutura defasada, a concession\u00e1ria j\u00e1 implementou uma s\u00e9rie de melhorias que culminaram em melhor experi\u00eancia do passageiro e evolu\u00e7\u00e3o na nota da pesquisa. Em janeiro de 2018, a nota do aeroporto de Florian\u00f3polis era 3,22. Em setembro de 2019, \u00faltimo m\u00eas no terminal antigo, j\u00e1 era 4,14. O novo terminal do Aeroporto Internacional de Florian\u00f3polis foi inaugurado em 1\u00b0 de outubro de 2019. Considerando o per\u00edodo do \u00faltimo ano, entre mar\u00e7o de 2019 e mar\u00e7o de 2020, o aeroporto de Florian\u00f3polis \u00e9 o que mais evoluiu na pesquisa SAC, crescendo 19,6%. Para efeito comparativo, o segundo colocado em evolu\u00e7\u00e3o cresceu apenas 6,3% no mesmo per\u00edodo.<\/p>\n\n\n\n<p>O grupo Zurich Airport opera 4 aeroportos no Brasil, 3 dos quais participam da pesquisa. Todos eles est\u00e3o entre as seis primeiras posi\u00e7\u00f5es do estudo: Florian\u00f3polis &#8211; nota 4,72, Vit\u00f3ria &#8211; nota 4,53 e Confins &#8211; nota 4,45. Tobias Markert, CEO da Zurich Airport Latin America e que foi CEO da Floripa Airport nos dois primeiros anos da concession\u00e1ria, afirma que o alto padr\u00e3o de qualidade do terminal e das opera\u00e7\u00f5es demonstram o compromisso que a Zurich Airport tem com seus passageiros: &#8220;Estamos muito orgulhosos com esse bom feedback de nossos passageiros. \u00c9 um grande reconhecimento ao nosso trabalho, mas n\u00e3o apenas para n\u00f3s, tamb\u00e9m para nossos parceiros e as autoridades que trabalham em nossos aeroportos. E queremos oferecer mais do que apenas um bom servi\u00e7o de passageiros. Tamb\u00e9m \u00e9 importante oferecer oportunidades de neg\u00f3cios aos nossos parceiros comerciais. Queremos ajudar a melhorar a qualidade, efici\u00eancia e seguran\u00e7a da ind\u00fastria da avia\u00e7\u00e3o no Brasil, com foco especial em seguran\u00e7a neste momento excepcional\u201d, ressaltou Markert. <\/p>\n\n\n\n<p>Fonte: <a href=\"https:\/\/floripa-airport.com\/noticias\/aeroporto-de-florianopolis-e-eleito-o-melhor-do-brasil.html?utm_source=noticias&amp;utm_medium=mercado&amp;utm_campaign=midiamix.com\">Floripa Airport<\/a><\/p>\n","protected":false},"excerpt":{"rendered":"<p>Aeroporto de Florian\u00f3polis \u00e9 eleito o melhor do Brasil A Secretaria Nacional de Avia\u00e7\u00e3o Civil (SAC) divulgou nesta quinta-feira (14) o resultado do primeiro trimestre de 2020 da Pesquisa de Satisfa\u00e7\u00e3o Geral do Passageiro. Pela primeira vez na hist\u00f3ria do levantamento, que \u00e9 realizado desde 2013, o Aeroporto Internacional de Florian\u00f3polis foi eleito o melhor [&hellip;]<\/p>\n","protected":false},"author":4,"featured_media":0,"comment_status":"open","ping_status":"open","sticky":false,"template":"","format":"standard","meta":[],"categories":[],"tags":[],"yoast_head":"<!-- This site is optimized with the Yoast SEO plugin v19.3 - https:\/\/yoast.com\/wordpress\/plugins\/seo\/ -->\n<title>O MELHOR - MIDIAMIX.COM<\/title>\n<meta name=\"robots\" content=\"index, follow, max-snippet:-1, max-image-preview:large, max-video-preview:-1\" \/>\n<link rel=\"canonical\" href=\"https:\/\/midiamix.com\/site\/o-melhor\/\" \/>\n<meta property=\"og:locale\" content=\"pt_BR\" \/>\n<meta property=\"og:type\" content=\"article\" \/>\n<meta property=\"og:title\" content=\"O MELHOR - MIDIAMIX.COM\" \/>\n<meta property=\"og:description\" content=\"Aeroporto de Florian\u00f3polis \u00e9 eleito o melhor do Brasil A Secretaria Nacional de Avia\u00e7\u00e3o Civil (SAC) divulgou nesta quinta-feira (14) o resultado do primeiro trimestre de 2020 da Pesquisa de Satisfa\u00e7\u00e3o Geral do Passageiro. Pela primeira vez na hist\u00f3ria do levantamento, que \u00e9 realizado desde 2013, o Aeroporto Internacional de Florian\u00f3polis foi eleito o melhor [&hellip;]\" \/>\n<meta property=\"og:url\" content=\"https:\/\/midiamix.com\/site\/o-melhor\/\" \/>\n<meta property=\"og:site_name\" content=\"MIDIAMIX.COM\" \/>\n<meta property=\"article:publisher\" content=\"https:\/\/www.facebook.com\/MIDIAMIXPAINEIS\/\" \/>\n<meta property=\"article:published_time\" content=\"2020-06-12T19:51:55+00:00\" \/>\n<meta property=\"article:modified_time\" content=\"2020-06-17T12:59:02+00:00\" \/>\n<meta name=\"author\" content=\"Francianne Dias\" \/>\n<meta name=\"twitter:card\" content=\"summary_large_image\" \/>\n<meta name=\"twitter:label1\" content=\"Escrito por\" \/>\n\t<meta name=\"twitter:data1\" content=\"Francianne Dias\" \/>\n\t<meta name=\"twitter:label2\" content=\"Est. tempo de leitura\" \/>\n\t<meta name=\"twitter:data2\" content=\"3 minutos\" \/>\n<script type=\"application\/ld+json\" class=\"yoast-schema-graph\">{\"@context\":\"https:\/\/schema.org\",\"@graph\":[{\"@type\":\"WebSite\",\"@id\":\"https:\/\/midiamix.com\/site\/#website\",\"url\":\"https:\/\/midiamix.com\/site\/\",\"name\":\"MIDIAMIX.COM\",\"description\":\"MIDIAMIX.COM \u00e9 uma empresa especializada em m\u00eddia exterior.\",\"potentialAction\":[{\"@type\":\"SearchAction\",\"target\":{\"@type\":\"EntryPoint\",\"urlTemplate\":\"https:\/\/midiamix.com\/site\/?s={search_term_string}\"},\"query-input\":\"required name=search_term_string\"}],\"inLanguage\":\"pt-BR\"},{\"@type\":\"WebPage\",\"@id\":\"https:\/\/midiamix.com\/site\/o-melhor\/\",\"url\":\"https:\/\/midiamix.com\/site\/o-melhor\/\",\"name\":\"O MELHOR - MIDIAMIX.COM\",\"isPartOf\":{\"@id\":\"https:\/\/midiamix.com\/site\/#website\"},\"datePublished\":\"2020-06-12T19:51:55+00:00\",\"dateModified\":\"2020-06-17T12:59:02+00:00\",\"author\":{\"@id\":\"https:\/\/midiamix.com\/site\/#\/schema\/person\/a5a285aa493a1e874e8ba7fab721b687\"},\"breadcrumb\":{\"@id\":\"https:\/\/midiamix.com\/site\/o-melhor\/#breadcrumb\"},\"inLanguage\":\"pt-BR\",\"potentialAction\":[{\"@type\":\"ReadAction\",\"target\":[\"https:\/\/midiamix.com\/site\/o-melhor\/\"]}]},{\"@type\":\"BreadcrumbList\",\"@id\":\"https:\/\/midiamix.com\/site\/o-melhor\/#breadcrumb\",\"itemListElement\":[{\"@type\":\"ListItem\",\"position\":1,\"name\":\"In\u00edcio\",\"item\":\"https:\/\/midiamix.com\/site\/\"},{\"@type\":\"ListItem\",\"position\":2,\"name\":\"O MELHOR\"}]},{\"@type\":\"Person\",\"@id\":\"https:\/\/midiamix.com\/site\/#\/schema\/person\/a5a285aa493a1e874e8ba7fab721b687\",\"name\":\"Francianne Dias\",\"image\":{\"@type\":\"ImageObject\",\"inLanguage\":\"pt-BR\",\"@id\":\"https:\/\/midiamix.com\/site\/#\/schema\/person\/image\/\",\"url\":\"https:\/\/secure.gravatar.com\/avatar\/6e248fd9540438c84abe7802e4b80b17?s=96&d=mm&r=g\",\"contentUrl\":\"https:\/\/secure.gravatar.com\/avatar\/6e248fd9540438c84abe7802e4b80b17?s=96&d=mm&r=g\",\"caption\":\"Francianne Dias\"},\"sameAs\":[\"http:\/\/www.midiamix.com\"],\"url\":\"https:\/\/midiamix.com\/site\/author\/francianne\/\"}]}<\/script>\n<!-- \/ Yoast SEO plugin. -->","yoast_head_json":{"title":"O MELHOR - MIDIAMIX.COM","robots":{"index":"index","follow":"follow","max-snippet":"max-snippet:-1","max-image-preview":"max-image-preview:large","max-video-preview":"max-video-preview:-1"},"canonical":"https:\/\/midiamix.com\/site\/o-melhor\/","og_locale":"pt_BR","og_type":"article","og_title":"O MELHOR - MIDIAMIX.COM","og_description":"Aeroporto de Florian\u00f3polis \u00e9 eleito o melhor do Brasil A Secretaria Nacional de Avia\u00e7\u00e3o Civil (SAC) divulgou nesta quinta-feira (14) o resultado do primeiro trimestre de 2020 da Pesquisa de Satisfa\u00e7\u00e3o Geral do Passageiro. Pela primeira vez na hist\u00f3ria do levantamento, que \u00e9 realizado desde 2013, o Aeroporto Internacional de Florian\u00f3polis foi eleito o melhor [&hellip;]","og_url":"https:\/\/midiamix.com\/site\/o-melhor\/","og_site_name":"MIDIAMIX.COM","article_publisher":"https:\/\/www.facebook.com\/MIDIAMIXPAINEIS\/","article_published_time":"2020-06-12T19:51:55+00:00","article_modified_time":"2020-06-17T12:59:02+00:00","author":"Francianne Dias","twitter_card":"summary_large_image","twitter_misc":{"Escrito por":"Francianne Dias","Est. tempo de leitura":"3 minutos"},"schema":{"@context":"https:\/\/schema.org","@graph":[{"@type":"WebSite","@id":"https:\/\/midiamix.com\/site\/#website","url":"https:\/\/midiamix.com\/site\/","name":"MIDIAMIX.COM","description":"MIDIAMIX.COM \u00e9 uma empresa especializada em m\u00eddia exterior.","potentialAction":[{"@type":"SearchAction","target":{"@type":"EntryPoint","urlTemplate":"https:\/\/midiamix.com\/site\/?s={search_term_string}"},"query-input":"required name=search_term_string"}],"inLanguage":"pt-BR"},{"@type":"WebPage","@id":"https:\/\/midiamix.com\/site\/o-melhor\/","url":"https:\/\/midiamix.com\/site\/o-melhor\/","name":"O MELHOR - MIDIAMIX.COM","isPartOf":{"@id":"https:\/\/midiamix.com\/site\/#website"},"datePublished":"2020-06-12T19:51:55+00:00","dateModified":"2020-06-17T12:59:02+00:00","author":{"@id":"https:\/\/midiamix.com\/site\/#\/schema\/person\/a5a285aa493a1e874e8ba7fab721b687"},"breadcrumb":{"@id":"https:\/\/midiamix.com\/site\/o-melhor\/#breadcrumb"},"inLanguage":"pt-BR","potentialAction":[{"@type":"ReadAction","target":["https:\/\/midiamix.com\/site\/o-melhor\/"]}]},{"@type":"BreadcrumbList","@id":"https:\/\/midiamix.com\/site\/o-melhor\/#breadcrumb","itemListElement":[{"@type":"ListItem","position":1,"name":"In\u00edcio","item":"https:\/\/midiamix.com\/site\/"},{"@type":"ListItem","position":2,"name":"O MELHOR"}]},{"@type":"Person","@id":"https:\/\/midiamix.com\/site\/#\/schema\/person\/a5a285aa493a1e874e8ba7fab721b687","name":"Francianne Dias","image":{"@type":"ImageObject","inLanguage":"pt-BR","@id":"https:\/\/midiamix.com\/site\/#\/schema\/person\/image\/","url":"https:\/\/secure.gravatar.com\/avatar\/6e248fd9540438c84abe7802e4b80b17?s=96&d=mm&r=g","contentUrl":"https:\/\/secure.gravatar.com\/avatar\/6e248fd9540438c84abe7802e4b80b17?s=96&d=mm&r=g","caption":"Francianne Dias"},"sameAs":["http:\/\/www.midiamix.com"],"url":"https:\/\/midiamix.com\/site\/author\/francianne\/"}]}},"_links":{"self":[{"href":"https:\/\/midiamix.com\/site\/wp-json\/wp\/v2\/posts\/2625"}],"collection":[{"href":"https:\/\/midiamix.com\/site\/wp-json\/wp\/v2\/posts"}],"about":[{"href":"https:\/\/midiamix.com\/site\/wp-json\/wp\/v2\/types\/post"}],"author":[{"embeddable":true,"href":"https:\/\/midiamix.com\/site\/wp-json\/wp\/v2\/users\/4"}],"replies":[{"embeddable":true,"href":"https:\/\/midiamix.com\/site\/wp-json\/wp\/v2\/comments?post=2625"}],"version-history":[{"count":1,"href":"https:\/\/midiamix.com\/site\/wp-json\/wp\/v2\/posts\/2625\/revisions"}],"predecessor-version":[{"id":2626,"href":"https:\/\/midiamix.com\/site\/wp-json\/wp\/v2\/posts\/2625\/revisions\/2626"}],"wp:attachment":[{"href":"https:\/\/midiamix.com\/site\/wp-json\/wp\/v2\/media?parent=2625"}],"wp:term":[{"taxonomy":"category","embeddable":true,"href":"https:\/\/midiamix.com\/site\/wp-json\/wp\/v2\/categories?post=2625"},{"taxonomy":"post_tag","embeddable":true,"href":"https:\/\/midiamix.com\/site\/wp-json\/wp\/v2\/tags?post=2625"}],"curies":[{"name":"wp","href":"https:\/\/api.w.org\/{rel}","templated":true}]}}