{"id":2617,"date":"2019-07-01T11:48:41","date_gmt":"2019-07-01T14:48:41","guid":{"rendered":"https:\/\/midiamix.com\/site\/?p=2617"},"modified":"2020-06-17T10:02:55","modified_gmt":"2020-06-17T13:02:55","slug":"florianopolis-e-a-pior-capital-do-pais-em-termos-de-mobilidade","status":"publish","type":"post","link":"https:\/\/midiamix.com\/site\/florianopolis-e-a-pior-capital-do-pais-em-termos-de-mobilidade\/","title":{"rendered":"MOBILIDADE 1"},"content":{"rendered":"\n<h2>Florian\u00f3polis \u00e9 a pior capital do pa\u00eds em termos de mobilidade<\/h2>\n\n\n\n<p>Por Carolina Bahia<\/p>\n\n\n\n<p>A cidade de Florian\u00f3polis \u00e9 a pior capital do Brasil quando o assunto \u00e9 mobilidade urbana. Essa \u00e9 uma das conclus\u00f5es de pesquisa desenvolvida entre UFSC, UFRGS, UnB e a Oxford Brookes University, da Inglaterra.<\/p>\n\n\n\n<p>O resultado foi apresentado na Confer\u00eancia Mobilidade Urbana Saud\u00e1vel, promovida pela Comiss\u00e3o de Desenvolvimento Urbano da C\u00e2mara. <\/p>\n\n\n\n<p>O estudo apontou que o padr\u00e3o de mobilidade urbana influencia na qualidade de vida e na sa\u00fade f\u00edsica e mental da popula\u00e7\u00e3o.<\/p>\n\n\n\n<p>Fonte: <a href=\"https:\/\/www.nsctotal.com.br\/colunistas\/carolina-bahia\/florianopolis-e-a-pior-capital-do-pais-em-termos-de-mobilidade?utm_source=noticias&amp;utm_medium=mercado&amp;utm_campaign=midiamix.com\">NSC<\/a><\/p>\n","protected":false},"excerpt":{"rendered":"<p>Florian\u00f3polis \u00e9 a pior capital do pa\u00eds em termos de mobilidade Por Carolina Bahia A cidade de Florian\u00f3polis \u00e9 a pior capital do Brasil quando o assunto \u00e9 mobilidade urbana. Essa \u00e9 uma das conclus\u00f5es de pesquisa desenvolvida entre UFSC, UFRGS, UnB e a Oxford Brookes University, da Inglaterra. O resultado foi apresentado na Confer\u00eancia [&hellip;]<\/p>\n","protected":false},"author":4,"featured_media":0,"comment_status":"open","ping_status":"open","sticky":false,"template":"","format":"standard","meta":[],"categories":[],"tags":[],"yoast_head":"<!-- This site is optimized with the Yoast SEO plugin v19.3 - https:\/\/yoast.com\/wordpress\/plugins\/seo\/ -->\n<title>MOBILIDADE 1 - MIDIAMIX.COM<\/title>\n<meta name=\"description\" content=\"Florian\u00f3polis \u00e9 a pior capital do pa\u00eds em termos de mobilidade\" \/>\n<meta name=\"robots\" content=\"index, follow, max-snippet:-1, max-image-preview:large, max-video-preview:-1\" \/>\n<link rel=\"canonical\" href=\"https:\/\/midiamix.com\/site\/florianopolis-e-a-pior-capital-do-pais-em-termos-de-mobilidade\/\" \/>\n<meta property=\"og:locale\" content=\"pt_BR\" \/>\n<meta property=\"og:type\" content=\"article\" \/>\n<meta property=\"og:title\" content=\"MOBILIDADE 1 - MIDIAMIX.COM\" \/>\n<meta property=\"og:description\" content=\"Florian\u00f3polis \u00e9 a pior capital do pa\u00eds em termos de mobilidade\" \/>\n<meta property=\"og:url\" content=\"https:\/\/midiamix.com\/site\/florianopolis-e-a-pior-capital-do-pais-em-termos-de-mobilidade\/\" \/>\n<meta property=\"og:site_name\" content=\"MIDIAMIX.COM\" \/>\n<meta property=\"article:publisher\" content=\"https:\/\/www.facebook.com\/MIDIAMIXPAINEIS\/\" \/>\n<meta property=\"article:published_time\" content=\"2019-07-01T14:48:41+00:00\" \/>\n<meta property=\"article:modified_time\" content=\"2020-06-17T13:02:55+00:00\" \/>\n<meta name=\"author\" content=\"Francianne Dias\" \/>\n<meta name=\"twitter:card\" content=\"summary_large_image\" \/>\n<meta name=\"twitter:label1\" content=\"Escrito por\" \/>\n\t<meta name=\"twitter:data1\" content=\"Francianne Dias\" \/>\n<script type=\"application\/ld+json\" class=\"yoast-schema-graph\">{\"@context\":\"https:\/\/schema.org\",\"@graph\":[{\"@type\":\"WebSite\",\"@id\":\"https:\/\/midiamix.com\/site\/#website\",\"url\":\"https:\/\/midiamix.com\/site\/\",\"name\":\"MIDIAMIX.COM\",\"description\":\"MIDIAMIX.COM \u00e9 uma empresa especializada em m\u00eddia exterior.\",\"potentialAction\":[{\"@type\":\"SearchAction\",\"target\":{\"@type\":\"EntryPoint\",\"urlTemplate\":\"https:\/\/midiamix.com\/site\/?s={search_term_string}\"},\"query-input\":\"required name=search_term_string\"}],\"inLanguage\":\"pt-BR\"},{\"@type\":\"WebPage\",\"@id\":\"https:\/\/midiamix.com\/site\/florianopolis-e-a-pior-capital-do-pais-em-termos-de-mobilidade\/\",\"url\":\"https:\/\/midiamix.com\/site\/florianopolis-e-a-pior-capital-do-pais-em-termos-de-mobilidade\/\",\"name\":\"MOBILIDADE 1 - MIDIAMIX.COM\",\"isPartOf\":{\"@id\":\"https:\/\/midiamix.com\/site\/#website\"},\"datePublished\":\"2019-07-01T14:48:41+00:00\",\"dateModified\":\"2020-06-17T13:02:55+00:00\",\"author\":{\"@id\":\"https:\/\/midiamix.com\/site\/#\/schema\/person\/a5a285aa493a1e874e8ba7fab721b687\"},\"description\":\"Florian\u00f3polis \u00e9 a pior capital do pa\u00eds em termos de mobilidade\",\"breadcrumb\":{\"@id\":\"https:\/\/midiamix.com\/site\/florianopolis-e-a-pior-capital-do-pais-em-termos-de-mobilidade\/#breadcrumb\"},\"inLanguage\":\"pt-BR\",\"potentialAction\":[{\"@type\":\"ReadAction\",\"target\":[\"https:\/\/midiamix.com\/site\/florianopolis-e-a-pior-capital-do-pais-em-termos-de-mobilidade\/\"]}]},{\"@type\":\"BreadcrumbList\",\"@id\":\"https:\/\/midiamix.com\/site\/florianopolis-e-a-pior-capital-do-pais-em-termos-de-mobilidade\/#breadcrumb\",\"itemListElement\":[{\"@type\":\"ListItem\",\"position\":1,\"name\":\"In\u00edcio\",\"item\":\"https:\/\/midiamix.com\/site\/\"},{\"@type\":\"ListItem\",\"position\":2,\"name\":\"MOBILIDADE 1\"}]},{\"@type\":\"Person\",\"@id\":\"https:\/\/midiamix.com\/site\/#\/schema\/person\/a5a285aa493a1e874e8ba7fab721b687\",\"name\":\"Francianne Dias\",\"image\":{\"@type\":\"ImageObject\",\"inLanguage\":\"pt-BR\",\"@id\":\"https:\/\/midiamix.com\/site\/#\/schema\/person\/image\/\",\"url\":\"https:\/\/secure.gravatar.com\/avatar\/6e248fd9540438c84abe7802e4b80b17?s=96&d=mm&r=g\",\"contentUrl\":\"https:\/\/secure.gravatar.com\/avatar\/6e248fd9540438c84abe7802e4b80b17?s=96&d=mm&r=g\",\"caption\":\"Francianne Dias\"},\"sameAs\":[\"http:\/\/www.midiamix.com\"],\"url\":\"https:\/\/midiamix.com\/site\/author\/francianne\/\"}]}<\/script>\n<!-- \/ Yoast SEO plugin. -->","yoast_head_json":{"title":"MOBILIDADE 1 - MIDIAMIX.COM","description":"Florian\u00f3polis \u00e9 a pior capital do pa\u00eds em termos de mobilidade","robots":{"index":"index","follow":"follow","max-snippet":"max-snippet:-1","max-image-preview":"max-image-preview:large","max-video-preview":"max-video-preview:-1"},"canonical":"https:\/\/midiamix.com\/site\/florianopolis-e-a-pior-capital-do-pais-em-termos-de-mobilidade\/","og_locale":"pt_BR","og_type":"article","og_title":"MOBILIDADE 1 - MIDIAMIX.COM","og_description":"Florian\u00f3polis \u00e9 a pior capital do pa\u00eds em termos de mobilidade","og_url":"https:\/\/midiamix.com\/site\/florianopolis-e-a-pior-capital-do-pais-em-termos-de-mobilidade\/","og_site_name":"MIDIAMIX.COM","article_publisher":"https:\/\/www.facebook.com\/MIDIAMIXPAINEIS\/","article_published_time":"2019-07-01T14:48:41+00:00","article_modified_time":"2020-06-17T13:02:55+00:00","author":"Francianne Dias","twitter_card":"summary_large_image","twitter_misc":{"Escrito por":"Francianne Dias"},"schema":{"@context":"https:\/\/schema.org","@graph":[{"@type":"WebSite","@id":"https:\/\/midiamix.com\/site\/#website","url":"https:\/\/midiamix.com\/site\/","name":"MIDIAMIX.COM","description":"MIDIAMIX.COM \u00e9 uma empresa especializada em m\u00eddia exterior.","potentialAction":[{"@type":"SearchAction","target":{"@type":"EntryPoint","urlTemplate":"https:\/\/midiamix.com\/site\/?s={search_term_string}"},"query-input":"required name=search_term_string"}],"inLanguage":"pt-BR"},{"@type":"WebPage","@id":"https:\/\/midiamix.com\/site\/florianopolis-e-a-pior-capital-do-pais-em-termos-de-mobilidade\/","url":"https:\/\/midiamix.com\/site\/florianopolis-e-a-pior-capital-do-pais-em-termos-de-mobilidade\/","name":"MOBILIDADE 1 - MIDIAMIX.COM","isPartOf":{"@id":"https:\/\/midiamix.com\/site\/#website"},"datePublished":"2019-07-01T14:48:41+00:00","dateModified":"2020-06-17T13:02:55+00:00","author":{"@id":"https:\/\/midiamix.com\/site\/#\/schema\/person\/a5a285aa493a1e874e8ba7fab721b687"},"description":"Florian\u00f3polis \u00e9 a pior capital do pa\u00eds em termos de mobilidade","breadcrumb":{"@id":"https:\/\/midiamix.com\/site\/florianopolis-e-a-pior-capital-do-pais-em-termos-de-mobilidade\/#breadcrumb"},"inLanguage":"pt-BR","potentialAction":[{"@type":"ReadAction","target":["https:\/\/midiamix.com\/site\/florianopolis-e-a-pior-capital-do-pais-em-termos-de-mobilidade\/"]}]},{"@type":"BreadcrumbList","@id":"https:\/\/midiamix.com\/site\/florianopolis-e-a-pior-capital-do-pais-em-termos-de-mobilidade\/#breadcrumb","itemListElement":[{"@type":"ListItem","position":1,"name":"In\u00edcio","item":"https:\/\/midiamix.com\/site\/"},{"@type":"ListItem","position":2,"name":"MOBILIDADE 1"}]},{"@type":"Person","@id":"https:\/\/midiamix.com\/site\/#\/schema\/person\/a5a285aa493a1e874e8ba7fab721b687","name":"Francianne Dias","image":{"@type":"ImageObject","inLanguage":"pt-BR","@id":"https:\/\/midiamix.com\/site\/#\/schema\/person\/image\/","url":"https:\/\/secure.gravatar.com\/avatar\/6e248fd9540438c84abe7802e4b80b17?s=96&d=mm&r=g","contentUrl":"https:\/\/secure.gravatar.com\/avatar\/6e248fd9540438c84abe7802e4b80b17?s=96&d=mm&r=g","caption":"Francianne Dias"},"sameAs":["http:\/\/www.midiamix.com"],"url":"https:\/\/midiamix.com\/site\/author\/francianne\/"}]}},"_links":{"self":[{"href":"https:\/\/midiamix.com\/site\/wp-json\/wp\/v2\/posts\/2617"}],"collection":[{"href":"https:\/\/midiamix.com\/site\/wp-json\/wp\/v2\/posts"}],"about":[{"href":"https:\/\/midiamix.com\/site\/wp-json\/wp\/v2\/types\/post"}],"author":[{"embeddable":true,"href":"https:\/\/midiamix.com\/site\/wp-json\/wp\/v2\/users\/4"}],"replies":[{"embeddable":true,"href":"https:\/\/midiamix.com\/site\/wp-json\/wp\/v2\/comments?post=2617"}],"version-history":[{"count":1,"href":"https:\/\/midiamix.com\/site\/wp-json\/wp\/v2\/posts\/2617\/revisions"}],"predecessor-version":[{"id":2618,"href":"https:\/\/midiamix.com\/site\/wp-json\/wp\/v2\/posts\/2617\/revisions\/2618"}],"wp:attachment":[{"href":"https:\/\/midiamix.com\/site\/wp-json\/wp\/v2\/media?parent=2617"}],"wp:term":[{"taxonomy":"category","embeddable":true,"href":"https:\/\/midiamix.com\/site\/wp-json\/wp\/v2\/categories?post=2617"},{"taxonomy":"post_tag","embeddable":true,"href":"https:\/\/midiamix.com\/site\/wp-json\/wp\/v2\/tags?post=2617"}],"curies":[{"name":"wp","href":"https:\/\/api.w.org\/{rel}","templated":true}]}}